{"id":134,"date":"2008-12-21T23:28:22","date_gmt":"2008-12-21T22:28:22","guid":{"rendered":"http:\/\/www.farm.se\/wps2008\/12\/21\/julkonsert\/"},"modified":"2010-06-26T00:45:00","modified_gmt":"2010-06-25T23:45:00","slug":"julkonsert","status":"publish","type":"post","link":"https:\/\/farm.se\/wps\/2008\/12\/21\/julkonsert\/","title":{"rendered":"Julkonsert"},"content":{"rendered":"<p>Vi sj\u00f6ng med i Julkonserten i Liden. Programmet var likt julskivan som redan \u00e4r praktiskt taget sluts\u00e5ld. Likt, men inte helt detsamma. Kyrkan var fullsatt och som det brukar vara \u00e4r det vardag n\u00e4r man \u00e5ker dit och jul n\u00e4r man \u00e5ker hem.\n<\/p>\n<p><!--814dd8b280f27eb34021be1da895f5b5-->\n<\/p>\n<p><!--3935462b009d76aa359e6f04658e39d1--><\/p>\n","protected":false},"excerpt":{"rendered":"<p>Vi sj\u00f6ng med i Julkonserten i Liden. Programmet var likt julskivan som redan \u00e4r praktiskt taget sluts\u00e5ld. Likt, men inte helt detsamma. Kyrkan var fullsatt och som det brukar vara \u00e4r det vardag n\u00e4r man \u00e5ker dit och jul n\u00e4r &hellip; <a href=\"https:\/\/farm.se\/wps\/2008\/12\/21\/julkonsert\/\">Forts\u00e4tt l\u00e4sa <span class=\"meta-nav\">&rarr;<\/span><\/a><\/p>\n","protected":false},"author":2,"featured_media":0,"comment_status":"closed","ping_status":"closed","sticky":false,"template":"","format":"standard","meta":{"jetpack_post_was_ever_published":false,"_jetpack_newsletter_access":"","_jetpack_dont_email_post_to_subs":false,"_jetpack_newsletter_tier_id":0,"_jetpack_memberships_contains_paywalled_content":false,"_jetpack_memberships_contains_paid_content":false,"footnotes":"","jetpack_publicize_message":"","jetpack_publicize_feature_enabled":true,"jetpack_social_post_already_shared":false,"jetpack_social_options":{"image_generator_settings":{"template":"highway","default_image_id":0,"font":"","enabled":false},"version":2}},"categories":[4,5],"tags":[],"class_list":["post-134","post","type-post","status-publish","format-standard","hentry","category-musik","category-programverkstaden"],"jetpack_publicize_connections":[],"jetpack_featured_media_url":"","jetpack_sharing_enabled":true,"jetpack_shortlink":"https:\/\/wp.me\/p5VHPg-2a","jetpack-related-posts":[],"_links":{"self":[{"href":"https:\/\/farm.se\/wps\/wp-json\/wp\/v2\/posts\/134","targetHints":{"allow":["GET"]}}],"collection":[{"href":"https:\/\/farm.se\/wps\/wp-json\/wp\/v2\/posts"}],"about":[{"href":"https:\/\/farm.se\/wps\/wp-json\/wp\/v2\/types\/post"}],"author":[{"embeddable":true,"href":"https:\/\/farm.se\/wps\/wp-json\/wp\/v2\/users\/2"}],"replies":[{"embeddable":true,"href":"https:\/\/farm.se\/wps\/wp-json\/wp\/v2\/comments?post=134"}],"version-history":[{"count":0,"href":"https:\/\/farm.se\/wps\/wp-json\/wp\/v2\/posts\/134\/revisions"}],"wp:attachment":[{"href":"https:\/\/farm.se\/wps\/wp-json\/wp\/v2\/media?parent=134"}],"wp:term":[{"taxonomy":"category","embeddable":true,"href":"https:\/\/farm.se\/wps\/wp-json\/wp\/v2\/categories?post=134"},{"taxonomy":"post_tag","embeddable":true,"href":"https:\/\/farm.se\/wps\/wp-json\/wp\/v2\/tags?post=134"}],"curies":[{"name":"wp","href":"https:\/\/api.w.org\/{rel}","templated":true}]}}