{"id":135,"date":"2009-04-04T22:05:03","date_gmt":"2009-04-04T21:05:03","guid":{"rendered":"http:\/\/www.farm.se\/wps2009\/04\/04\/gloria-x-2-i-arnas\/"},"modified":"2009-04-20T16:16:50","modified_gmt":"2009-04-20T15:16:50","slug":"gloria-x-2-i-arnas","status":"publish","type":"post","link":"https:\/\/farm.se\/wps\/2009\/04\/04\/gloria-x-2-i-arnas\/","title":{"rendered":"Gloria x 2 i Arn\u00e4s"},"content":{"rendered":"<p><img data-recalc-dims=\"1\" decoding=\"async\" src=\"https:\/\/i0.wp.com\/www.farm.se\/wps\/wp-content\/mitt\/090404_gloria.jpg?w=640\" \/><\/p>\n<p>Fullsatt i kyrkan blev det n\u00e4r Sven Edsfors &#8211; organist i Arn\u00e4s kyrka &#8211; samlade k\u00f6ren Gaudete, Cantusk\u00f6ren och \u00d6rnsk\u00f6ldsviks Motettk\u00f6r f\u00f6r att g\u00f6ra Vivaldis Gloria i Arn\u00e4s kyrka. Till k\u00f6rerna kommer dessutom str\u00e5korkester och solister, Emma R\u00f6nnlund (sopran &#8211; r\u00f6d sjal), Helena Novikova (sopran &#8211; gul sjal) och Margr\u00e9t Brynjarsd\u00f3ttir (mezzosopran &#8211; vit sjal), oboesolist var Anna-Maria Wedman. Niklas Jansson p\u00e5 cembalo skymtar i bakgrunden. Nu har vi hunnit med tre upps\u00e4ttningar av Vivaldis Gloria p\u00e5 ett \u00e5r och det \u00e4r kul att se hur mycket man kan variera tolkningarna. Vi sj\u00f6ng p\u00e5 de andra tv\u00e5, men h\u00e4r var det bara inspelning f\u00f6r oss. Stycket tar ca en halvtimme s\u00e5 det fanns mer p\u00e5 programmet. Emma R\u00f6nnlund sj\u00f6ng H\u00e4ndels Gloria. Markus Asplund och Sara Ekwall &#8211; t.v. ovan &#8211; p\u00e5 piccolatrumpeter gjorde H\u00e4ndels trumpetkonsert i C-Dur f\u00f6r tv\u00e5 trumpeter. Sven p\u00e5minde om att jag redan spelat in H\u00e4ndels Gloria tidigare med Benjamin \u00c5berg och hans syster Petra &#8211; se <a href=\"http:\/\/www.farm.se\/wps2004\/09\/05\/handel-kammarmusik\/\">H\u00e4ndel kammarmusik<\/a>. Inte nog med det, Benjamins mor fanns p\u00e5 plats och lyssnade s\u00e5 vi fick p\u00e5 s\u00e5 s\u00e4tt knyta ihop de tv\u00e5 tolkningarna av H\u00e4ndels 2001 \u00e5teruppt\u00e4ckta Gloria. Se \u00e4ven <a href=\"http:\/\/www.farm.se\/wps2008\/04\/26\/vivaldi-gloria\/\">Vivaldi Gloria<\/a>. Emma \u00e4r s\u00e5ngpedagog fr\u00e5n musikh\u00f6gskolan i Pite\u00e5. Helena och Margr\u00e9t \u00e4r tv\u00e5 av hennes elever.<\/p>\n<p><img data-recalc-dims=\"1\" decoding=\"async\" src=\"https:\/\/i0.wp.com\/www.farm.se\/wps\/wp-content\/mitt\/090404_gloria_sven.jpg?w=640\" \/><\/p>\n<p>[090408] L\u00e4s h\u00e4r vad \u00d6rnsk\u00f6ldsviks Allehanda skrev: <a href=\"http:\/\/www.farm.se\/wps\/wp-content\/mitt\/090404_barock.pdf\">Str\u00e5lande barockkonsert i Arn\u00e4s<\/a><\/p>\n","protected":false},"excerpt":{"rendered":"<p>Fullsatt i kyrkan blev det n\u00e4r Sven Edsfors &#8211; organist i Arn\u00e4s kyrka &#8211; samlade k\u00f6ren Gaudete, Cantusk\u00f6ren och \u00d6rnsk\u00f6ldsviks Motettk\u00f6r f\u00f6r att g\u00f6ra Vivaldis Gloria i Arn\u00e4s kyrka. Till k\u00f6rerna kommer dessutom str\u00e5korkester och solister, Emma R\u00f6nnlund (sopran &#8211; &hellip; <a href=\"https:\/\/farm.se\/wps\/2009\/04\/04\/gloria-x-2-i-arnas\/\">Forts\u00e4tt l\u00e4sa <span class=\"meta-nav\">&rarr;<\/span><\/a><\/p>\n","protected":false},"author":2,"featured_media":0,"comment_status":"closed","ping_status":"closed","sticky":false,"template":"","format":"standard","meta":{"jetpack_post_was_ever_published":false,"_jetpack_newsletter_access":"","_jetpack_dont_email_post_to_subs":false,"_jetpack_newsletter_tier_id":0,"_jetpack_memberships_contains_paywalled_content":false,"_jetpack_memberships_contains_paid_content":false,"footnotes":"","jetpack_publicize_message":"","jetpack_publicize_feature_enabled":true,"jetpack_social_post_already_shared":false,"jetpack_social_options":{"image_generator_settings":{"template":"highway","default_image_id":0,"font":"","enabled":false},"version":2}},"categories":[4,5],"tags":[],"class_list":["post-135","post","type-post","status-publish","format-standard","hentry","category-musik","category-programverkstaden"],"jetpack_publicize_connections":[],"jetpack_featured_media_url":"","jetpack_sharing_enabled":true,"jetpack_shortlink":"https:\/\/wp.me\/p5VHPg-2b","jetpack-related-posts":[],"_links":{"self":[{"href":"https:\/\/farm.se\/wps\/wp-json\/wp\/v2\/posts\/135","targetHints":{"allow":["GET"]}}],"collection":[{"href":"https:\/\/farm.se\/wps\/wp-json\/wp\/v2\/posts"}],"about":[{"href":"https:\/\/farm.se\/wps\/wp-json\/wp\/v2\/types\/post"}],"author":[{"embeddable":true,"href":"https:\/\/farm.se\/wps\/wp-json\/wp\/v2\/users\/2"}],"replies":[{"embeddable":true,"href":"https:\/\/farm.se\/wps\/wp-json\/wp\/v2\/comments?post=135"}],"version-history":[{"count":0,"href":"https:\/\/farm.se\/wps\/wp-json\/wp\/v2\/posts\/135\/revisions"}],"wp:attachment":[{"href":"https:\/\/farm.se\/wps\/wp-json\/wp\/v2\/media?parent=135"}],"wp:term":[{"taxonomy":"category","embeddable":true,"href":"https:\/\/farm.se\/wps\/wp-json\/wp\/v2\/categories?post=135"},{"taxonomy":"post_tag","embeddable":true,"href":"https:\/\/farm.se\/wps\/wp-json\/wp\/v2\/tags?post=135"}],"curies":[{"name":"wp","href":"https:\/\/api.w.org\/{rel}","templated":true}]}}