{"id":136,"date":"2009-04-08T23:20:54","date_gmt":"2009-04-08T22:20:54","guid":{"rendered":"http:\/\/www.farm.se\/wps2009\/04\/08\/stilla-veckan\/"},"modified":"2010-06-26T00:45:19","modified_gmt":"2010-06-25T23:45:19","slug":"stilla-veckan","status":"publish","type":"post","link":"https:\/\/farm.se\/wps\/2009\/04\/08\/stilla-veckan\/","title":{"rendered":"Stilla veckan"},"content":{"rendered":"<p>P\u00e5sken \u00e4r en intensiv tid i kyrkomusikens v\u00e4rld. F\u00f6r ett par dagar sedan Arn\u00e4s kyrka och idag Sk\u00f6ns kyrka. I Sk\u00f6ns kyrka h\u00f6lls konsert p\u00e5 onsdagen i stilla veckan. Ann-Kristin F\u00e4rnstr\u00f6m ledde Sk\u00f6ns damk\u00f6r i ett flertal stycken och avslutade med Pergolesis Stabat Mater. Ett vackert stycke med k\u00f6r och solist inslag. Kv\u00e4llens sopransolist var en ny bekantskap Christina Larsson, fr\u00e5n Sundsvall men boende i Stockholm enligt uppgift. En vacker r\u00f6st trots att hon ig\u00e5r inte kunde ta en ton pga f\u00f6rkylning! Ann-Kristin sj\u00f6ng de h\u00e4rliga altpartierna. Marie Ottosson ackompanjerade p\u00e5 orgel och spelade \u00e4ven ett eget stycke av Elfrida Andr\u00e9. Allt mycket bra! Allt dokumenterades.<\/p>\n<p>Den 19 april kan vi \u00e5ter lyssna p\u00e5 Ann-Kristins orgel i Sk\u00f6ns kyrka och Maries i Njurunda kyrka.<\/p>\n<p><img data-recalc-dims=\"1\" decoding=\"async\" src=\"https:\/\/i0.wp.com\/www.farm.se\/wps\/wp-content\/mitt\/090408_stabatmater.jpg?w=640\" \/><\/p>\n<p class=\"wppp\">\n<p><!--0a6da93d12821a763f053244fa6009d7--><\/p>\n","protected":false},"excerpt":{"rendered":"<p>P\u00e5sken \u00e4r en intensiv tid i kyrkomusikens v\u00e4rld. F\u00f6r ett par dagar sedan Arn\u00e4s kyrka och idag Sk\u00f6ns kyrka. I Sk\u00f6ns kyrka h\u00f6lls konsert p\u00e5 onsdagen i stilla veckan. Ann-Kristin F\u00e4rnstr\u00f6m ledde Sk\u00f6ns damk\u00f6r i ett flertal stycken och avslutade &hellip; <a href=\"https:\/\/farm.se\/wps\/2009\/04\/08\/stilla-veckan\/\">Forts\u00e4tt l\u00e4sa <span class=\"meta-nav\">&rarr;<\/span><\/a><\/p>\n","protected":false},"author":2,"featured_media":0,"comment_status":"closed","ping_status":"closed","sticky":false,"template":"","format":"standard","meta":{"jetpack_post_was_ever_published":false,"_jetpack_newsletter_access":"","_jetpack_dont_email_post_to_subs":false,"_jetpack_newsletter_tier_id":0,"_jetpack_memberships_contains_paywalled_content":false,"_jetpack_memberships_contains_paid_content":false,"footnotes":"","jetpack_publicize_message":"","jetpack_publicize_feature_enabled":true,"jetpack_social_post_already_shared":false,"jetpack_social_options":{"image_generator_settings":{"template":"highway","default_image_id":0,"font":"","enabled":false},"version":2}},"categories":[4,13,5],"tags":[],"class_list":["post-136","post","type-post","status-publish","format-standard","hentry","category-musik","category-orgel","category-programverkstaden"],"jetpack_publicize_connections":[],"jetpack_featured_media_url":"","jetpack_sharing_enabled":true,"jetpack_shortlink":"https:\/\/wp.me\/p5VHPg-2c","jetpack-related-posts":[],"_links":{"self":[{"href":"https:\/\/farm.se\/wps\/wp-json\/wp\/v2\/posts\/136","targetHints":{"allow":["GET"]}}],"collection":[{"href":"https:\/\/farm.se\/wps\/wp-json\/wp\/v2\/posts"}],"about":[{"href":"https:\/\/farm.se\/wps\/wp-json\/wp\/v2\/types\/post"}],"author":[{"embeddable":true,"href":"https:\/\/farm.se\/wps\/wp-json\/wp\/v2\/users\/2"}],"replies":[{"embeddable":true,"href":"https:\/\/farm.se\/wps\/wp-json\/wp\/v2\/comments?post=136"}],"version-history":[{"count":0,"href":"https:\/\/farm.se\/wps\/wp-json\/wp\/v2\/posts\/136\/revisions"}],"wp:attachment":[{"href":"https:\/\/farm.se\/wps\/wp-json\/wp\/v2\/media?parent=136"}],"wp:term":[{"taxonomy":"category","embeddable":true,"href":"https:\/\/farm.se\/wps\/wp-json\/wp\/v2\/categories?post=136"},{"taxonomy":"post_tag","embeddable":true,"href":"https:\/\/farm.se\/wps\/wp-json\/wp\/v2\/tags?post=136"}],"curies":[{"name":"wp","href":"https:\/\/api.w.org\/{rel}","templated":true}]}}