{"id":159,"date":"2010-03-27T23:12:44","date_gmt":"2010-03-27T22:12:44","guid":{"rendered":"http:\/\/www.farm.se\/wps2010\/03\/27\/ton-i-ton-i-sattna\/"},"modified":"2010-03-27T23:25:52","modified_gmt":"2010-03-27T22:25:52","slug":"ton-i-ton-i-sattna","status":"publish","type":"post","link":"https:\/\/farm.se\/wps\/2010\/03\/27\/ton-i-ton-i-sattna\/","title":{"rendered":"Ton i Ton i S\u00e4ttna"},"content":{"rendered":"<p>Nu har vi b\u00f6rjat arbetet p\u00e5 jubileums-CD&#8217;n. 500 \u00e5r och 150 \u00e5r med musik fr\u00e5n alla tider. Vi b\u00f6rjade med Palestrina. Kyriet ur Missa Brevis och ytterligare ett par stycken. Vi fick \u00e4ven med en g\u00e5ngl\u00e5t till den andra folkmusikskivan. Ton i Ton.<\/p>\n<p><img data-recalc-dims=\"1\" decoding=\"async\" src=\"https:\/\/i0.wp.com\/www.farm.se\/wps\/wp-content\/mitt\/20100327_toniton.jpg?w=640\" \/><\/p>\n","protected":false},"excerpt":{"rendered":"<p>Nu har vi b\u00f6rjat arbetet p\u00e5 jubileums-CD&#8217;n. 500 \u00e5r och 150 \u00e5r med musik fr\u00e5n alla tider. Vi b\u00f6rjade med Palestrina. Kyriet ur Missa Brevis och ytterligare ett par stycken. Vi fick \u00e4ven med en g\u00e5ngl\u00e5t till den andra folkmusikskivan. &hellip; <a href=\"https:\/\/farm.se\/wps\/2010\/03\/27\/ton-i-ton-i-sattna\/\">Forts\u00e4tt l\u00e4sa <span class=\"meta-nav\">&rarr;<\/span><\/a><\/p>\n","protected":false},"author":2,"featured_media":0,"comment_status":"closed","ping_status":"closed","sticky":false,"template":"","format":"standard","meta":{"jetpack_post_was_ever_published":false,"_jetpack_newsletter_access":"","_jetpack_dont_email_post_to_subs":false,"_jetpack_newsletter_tier_id":0,"_jetpack_memberships_contains_paywalled_content":false,"_jetpack_memberships_contains_paid_content":false,"footnotes":"","jetpack_publicize_message":"","jetpack_publicize_feature_enabled":true,"jetpack_social_post_already_shared":false,"jetpack_social_options":{"image_generator_settings":{"template":"highway","default_image_id":0,"font":"","enabled":false},"version":2}},"categories":[4,5],"tags":[],"class_list":["post-159","post","type-post","status-publish","format-standard","hentry","category-musik","category-programverkstaden"],"jetpack_publicize_connections":[],"jetpack_featured_media_url":"","jetpack_sharing_enabled":true,"jetpack_shortlink":"https:\/\/wp.me\/p5VHPg-2z","jetpack-related-posts":[],"_links":{"self":[{"href":"https:\/\/farm.se\/wps\/wp-json\/wp\/v2\/posts\/159","targetHints":{"allow":["GET"]}}],"collection":[{"href":"https:\/\/farm.se\/wps\/wp-json\/wp\/v2\/posts"}],"about":[{"href":"https:\/\/farm.se\/wps\/wp-json\/wp\/v2\/types\/post"}],"author":[{"embeddable":true,"href":"https:\/\/farm.se\/wps\/wp-json\/wp\/v2\/users\/2"}],"replies":[{"embeddable":true,"href":"https:\/\/farm.se\/wps\/wp-json\/wp\/v2\/comments?post=159"}],"version-history":[{"count":0,"href":"https:\/\/farm.se\/wps\/wp-json\/wp\/v2\/posts\/159\/revisions"}],"wp:attachment":[{"href":"https:\/\/farm.se\/wps\/wp-json\/wp\/v2\/media?parent=159"}],"wp:term":[{"taxonomy":"category","embeddable":true,"href":"https:\/\/farm.se\/wps\/wp-json\/wp\/v2\/categories?post=159"},{"taxonomy":"post_tag","embeddable":true,"href":"https:\/\/farm.se\/wps\/wp-json\/wp\/v2\/tags?post=159"}],"curies":[{"name":"wp","href":"https:\/\/api.w.org\/{rel}","templated":true}]}}