{"id":161,"date":"2010-04-18T20:12:49","date_gmt":"2010-04-18T19:12:49","guid":{"rendered":"http:\/\/www.farm.se\/wps2010\/04\/18\/lidens-kyrkokor-100-ar\/"},"modified":"2010-07-22T19:15:25","modified_gmt":"2010-07-22T18:15:25","slug":"lidens-kyrkokor-100-ar","status":"publish","type":"post","link":"https:\/\/farm.se\/wps\/2010\/04\/18\/lidens-kyrkokor-100-ar\/","title":{"rendered":"Lidens kyrkok\u00f6r 100 \u00e5r"},"content":{"rendered":"<p><img data-recalc-dims=\"1\" decoding=\"async\" src=\"https:\/\/i0.wp.com\/www.farm.se\/wps\/wp-content\/mitt\/20100418_liden.jpg?w=640\" \/><\/p>\n<p>I kv\u00e4ll var vi och sj\u00f6ng med Lidens kyrkok\u00f6r i en jubileumskonsert. Musiken var sammansatt av stycken fr\u00e5n 5 sekel.  K\u00f6ren sj\u00f6ng j\u00e4ttebra och Anne-Lise presenterade programmet. Alla i k\u00f6ren fick en gul ros med sig hem. Fika och mingel med publiken avslutade konserten. Inspelning av detta sker senare i v\u00e5r som del av den kommande jubileumsskivan. Tre jubileer p\u00e5 en g\u00e5ng. K\u00f6ren 100 \u00e5r, nya kyrkan 150 \u00e5r och gamla kyrkan 500 \u00e5r.<\/p>\n","protected":false},"excerpt":{"rendered":"<p>I kv\u00e4ll var vi och sj\u00f6ng med Lidens kyrkok\u00f6r i en jubileumskonsert. Musiken var sammansatt av stycken fr\u00e5n 5 sekel. K\u00f6ren sj\u00f6ng j\u00e4ttebra och Anne-Lise presenterade programmet. Alla i k\u00f6ren fick en gul ros med sig hem. Fika och mingel &hellip; <a href=\"https:\/\/farm.se\/wps\/2010\/04\/18\/lidens-kyrkokor-100-ar\/\">Forts\u00e4tt l\u00e4sa <span class=\"meta-nav\">&rarr;<\/span><\/a><\/p>\n","protected":false},"author":2,"featured_media":0,"comment_status":"closed","ping_status":"closed","sticky":false,"template":"","format":"standard","meta":{"jetpack_post_was_ever_published":false,"_jetpack_newsletter_access":"","_jetpack_dont_email_post_to_subs":false,"_jetpack_newsletter_tier_id":0,"_jetpack_memberships_contains_paywalled_content":false,"_jetpack_memberships_contains_paid_content":false,"footnotes":"","jetpack_publicize_message":"","jetpack_publicize_feature_enabled":true,"jetpack_social_post_already_shared":false,"jetpack_social_options":{"image_generator_settings":{"template":"highway","default_image_id":0,"font":"","enabled":false},"version":2}},"categories":[4,5],"tags":[],"class_list":["post-161","post","type-post","status-publish","format-standard","hentry","category-musik","category-programverkstaden"],"jetpack_publicize_connections":[],"jetpack_featured_media_url":"","jetpack_sharing_enabled":true,"jetpack_shortlink":"https:\/\/wp.me\/p5VHPg-2B","jetpack-related-posts":[],"_links":{"self":[{"href":"https:\/\/farm.se\/wps\/wp-json\/wp\/v2\/posts\/161","targetHints":{"allow":["GET"]}}],"collection":[{"href":"https:\/\/farm.se\/wps\/wp-json\/wp\/v2\/posts"}],"about":[{"href":"https:\/\/farm.se\/wps\/wp-json\/wp\/v2\/types\/post"}],"author":[{"embeddable":true,"href":"https:\/\/farm.se\/wps\/wp-json\/wp\/v2\/users\/2"}],"replies":[{"embeddable":true,"href":"https:\/\/farm.se\/wps\/wp-json\/wp\/v2\/comments?post=161"}],"version-history":[{"count":0,"href":"https:\/\/farm.se\/wps\/wp-json\/wp\/v2\/posts\/161\/revisions"}],"wp:attachment":[{"href":"https:\/\/farm.se\/wps\/wp-json\/wp\/v2\/media?parent=161"}],"wp:term":[{"taxonomy":"category","embeddable":true,"href":"https:\/\/farm.se\/wps\/wp-json\/wp\/v2\/categories?post=161"},{"taxonomy":"post_tag","embeddable":true,"href":"https:\/\/farm.se\/wps\/wp-json\/wp\/v2\/tags?post=161"}],"curies":[{"name":"wp","href":"https:\/\/api.w.org\/{rel}","templated":true}]}}