{"id":162,"date":"2010-05-29T22:13:29","date_gmt":"2010-05-29T21:13:29","guid":{"rendered":"http:\/\/www.farm.se\/wps2010\/05\/29\/inspelning-i-liden\/"},"modified":"2010-07-22T19:14:22","modified_gmt":"2010-07-22T18:14:22","slug":"inspelning-i-liden","status":"publish","type":"post","link":"https:\/\/farm.se\/wps\/2010\/05\/29\/inspelning-i-liden\/","title":{"rendered":"En l\u00e5ng inspelningshelg"},"content":{"rendered":"<p>L\u00f6rdag:<\/p>\n<p><img data-recalc-dims=\"1\" decoding=\"async\" src=\"https:\/\/i0.wp.com\/www.farm.se\/wps\/wp-content\/mitt\/20100529_liden.jpg?w=640\" \/><\/p>\n<p>Inspelning inf\u00f6r jubileumsskivan i Liden. Lidens kyrkok\u00f6r sj\u00f6ng, Anne-Lise ledde och Ann-Kristin spelade. Kerstin v\u00e4nde blad. Avslutning p\u00e5 Lidens v\u00e4rdshus med god mat och fortsatt s\u00e5ng. V\u00e4rdar var kyrkor\u00e5det och Arne Johansson. De deltog ocks\u00e5, som vanligt med stort engagemang. Dagens hj\u00e4lte var Ulrika som r\u00e4ddade hela inspelningen. All utrustning fanns p\u00e5 plats och funkade, men det d\u00e4r med n\u00e4tadapter till datorn vars batteri inte r\u00e4cker till en heldagsinspelning&#8230; Tack Ulrika!<\/p>\n<p>S\u00f6ndag<\/p>\n<p><img data-recalc-dims=\"1\" decoding=\"async\" src=\"https:\/\/i0.wp.com\/www.farm.se\/wps\/wp-content\/mitt\/20100530_selanger.jpg?w=640\" \/><\/p>\n<p>Konsert i Sel\u00e5nger kyrka med ett klassiskt k\u00f6rprogram. Mozart, Schubert. Mendelsohn och Bruckner var representerade. Anders Pettersson dirigerade, Kenth Lundqvist spelade b\u00e5de sj\u00e4lv och till k\u00f6rens alla s\u00e5nger. Kenths soliststycken var av Chopin, Stenhammar och Schuman. Kerstin v\u00e4nde blad \u00e5t Kenth.<br \/>\nVi spelade in alltsammans f\u00f6r en CD till k\u00f6ren.<\/p>\n","protected":false},"excerpt":{"rendered":"<p>L\u00f6rdag: Inspelning inf\u00f6r jubileumsskivan i Liden. Lidens kyrkok\u00f6r sj\u00f6ng, Anne-Lise ledde och Ann-Kristin spelade. Kerstin v\u00e4nde blad. Avslutning p\u00e5 Lidens v\u00e4rdshus med god mat och fortsatt s\u00e5ng. V\u00e4rdar var kyrkor\u00e5det och Arne Johansson. De deltog ocks\u00e5, som vanligt med stort &hellip; <a href=\"https:\/\/farm.se\/wps\/2010\/05\/29\/inspelning-i-liden\/\">Forts\u00e4tt l\u00e4sa <span class=\"meta-nav\">&rarr;<\/span><\/a><\/p>\n","protected":false},"author":2,"featured_media":0,"comment_status":"closed","ping_status":"closed","sticky":false,"template":"","format":"standard","meta":{"jetpack_post_was_ever_published":false,"_jetpack_newsletter_access":"","_jetpack_dont_email_post_to_subs":false,"_jetpack_newsletter_tier_id":0,"_jetpack_memberships_contains_paywalled_content":false,"_jetpack_memberships_contains_paid_content":false,"footnotes":"","jetpack_publicize_message":"","jetpack_publicize_feature_enabled":true,"jetpack_social_post_already_shared":false,"jetpack_social_options":{"image_generator_settings":{"template":"highway","default_image_id":0,"font":"","enabled":false},"version":2}},"categories":[4,5],"tags":[],"class_list":["post-162","post","type-post","status-publish","format-standard","hentry","category-musik","category-programverkstaden"],"jetpack_publicize_connections":[],"jetpack_featured_media_url":"","jetpack_sharing_enabled":true,"jetpack_shortlink":"https:\/\/wp.me\/p5VHPg-2C","jetpack-related-posts":[],"_links":{"self":[{"href":"https:\/\/farm.se\/wps\/wp-json\/wp\/v2\/posts\/162","targetHints":{"allow":["GET"]}}],"collection":[{"href":"https:\/\/farm.se\/wps\/wp-json\/wp\/v2\/posts"}],"about":[{"href":"https:\/\/farm.se\/wps\/wp-json\/wp\/v2\/types\/post"}],"author":[{"embeddable":true,"href":"https:\/\/farm.se\/wps\/wp-json\/wp\/v2\/users\/2"}],"replies":[{"embeddable":true,"href":"https:\/\/farm.se\/wps\/wp-json\/wp\/v2\/comments?post=162"}],"version-history":[{"count":0,"href":"https:\/\/farm.se\/wps\/wp-json\/wp\/v2\/posts\/162\/revisions"}],"wp:attachment":[{"href":"https:\/\/farm.se\/wps\/wp-json\/wp\/v2\/media?parent=162"}],"wp:term":[{"taxonomy":"category","embeddable":true,"href":"https:\/\/farm.se\/wps\/wp-json\/wp\/v2\/categories?post=162"},{"taxonomy":"post_tag","embeddable":true,"href":"https:\/\/farm.se\/wps\/wp-json\/wp\/v2\/tags?post=162"}],"curies":[{"name":"wp","href":"https:\/\/api.w.org\/{rel}","templated":true}]}}