{"id":163,"date":"2010-06-05T17:00:14","date_gmt":"2010-06-05T16:00:14","guid":{"rendered":"http:\/\/www.farm.se\/wps2010\/06\/05\/erik-och-maria\/"},"modified":"2010-07-22T19:13:14","modified_gmt":"2010-07-22T18:13:14","slug":"erik-och-maria","status":"publish","type":"post","link":"https:\/\/farm.se\/wps\/2010\/06\/05\/erik-och-maria\/","title":{"rendered":"Erik och Maria"},"content":{"rendered":"<p><img data-recalc-dims=\"1\" decoding=\"async\" src=\"https:\/\/i0.wp.com\/www.farm.se\/bild\/20100605_erikmaria\/20100605_erikmaria.jpg?w=640\" \/><\/p>\n<p>\u00c4ntligen! Vigsel mellan Erik och Maria den 5 juni 2010.<br \/>\nPlats: Sundsvall Gustav Adolfs kyrka<\/p>\n<p>Det blev ett sagolikt br\u00f6llop! Brudparet var det vackraste n\u00e5gonsin och intet \u00f6ga var torrt! H\u00e4rliga musikaliska insatser av kompisarna, Jesper, Andreas, Elisabet, Anton och Tobias. Liturgin sj\u00f6ngs av pr\u00e4sten Tove. T\u00e4rnor var Emma N och Sanna. Mattias var marskalk.<\/p>\n<p>Br\u00f6llopsfesten h\u00f6lls p\u00e5 Odd Fellow med mycket musik och m\u00e5nga tal! Presenterna \u00f6ppnades p\u00e5 s\u00f6ndagen p\u00e5 v\u00e5r veranda i s\u00e4llskap med Marias<br \/>\nfamilj. Tack Pia f\u00f6r t\u00e5rtan!<\/p>\n<p><a target=\"_blank\" href=\"http:\/\/www.facebook.com\/album.php?aid=5377&#038;id=100001087879563&#038;l=9d90a3a785\">Fler bilder<\/a><\/p>\n<p>P\u00e5 beg\u00e4ran av Erik spelades musiken in. In och utg\u00e5ngsmusik \u00e4r fri s\u00e5 den kan jag l\u00e4gga ut:<br \/>\ntill ing\u00e5ng J.S. Bach: <a href=\"http:\/\/www.farm.se\/bild\/20100605_erikmaria\/ljud\/20100605_preludiumiessdur.mp3\">Preludium i Ess-Dur<\/a> &#8211; mp3<br \/>\ntill utg\u00e5ng J.H. Roman: <a href=\"http:\/\/www.farm.se\/bild\/20100605_erikmaria\/ljud\/20100605_drottningholmsmusik.mp3\">ur Drottningholmsmusik<\/a> &#8211; mp3<br \/>\nOtto Ratz spelade p\u00e5 orgeln i GA.<\/p>\n","protected":false},"excerpt":{"rendered":"<p>\u00c4ntligen! Vigsel mellan Erik och Maria den 5 juni 2010. Plats: Sundsvall Gustav Adolfs kyrka Det blev ett sagolikt br\u00f6llop! Brudparet var det vackraste n\u00e5gonsin och intet \u00f6ga var torrt! H\u00e4rliga musikaliska insatser av kompisarna, Jesper, Andreas, Elisabet, Anton och &hellip; <a href=\"https:\/\/farm.se\/wps\/2010\/06\/05\/erik-och-maria\/\">Forts\u00e4tt l\u00e4sa <span class=\"meta-nav\">&rarr;<\/span><\/a><\/p>\n","protected":false},"author":2,"featured_media":0,"comment_status":"closed","ping_status":"closed","sticky":false,"template":"","format":"standard","meta":{"jetpack_post_was_ever_published":false,"_jetpack_newsletter_access":"","_jetpack_dont_email_post_to_subs":false,"_jetpack_newsletter_tier_id":0,"_jetpack_memberships_contains_paywalled_content":false,"_jetpack_memberships_contains_paid_content":false,"footnotes":"","jetpack_publicize_message":"","jetpack_publicize_feature_enabled":true,"jetpack_social_post_already_shared":false,"jetpack_social_options":{"image_generator_settings":{"template":"highway","default_image_id":0,"font":"","enabled":false},"version":2}},"categories":[4,13],"tags":[],"class_list":["post-163","post","type-post","status-publish","format-standard","hentry","category-musik","category-orgel"],"jetpack_publicize_connections":[],"jetpack_featured_media_url":"","jetpack_sharing_enabled":true,"jetpack_shortlink":"https:\/\/wp.me\/p5VHPg-2D","jetpack-related-posts":[],"_links":{"self":[{"href":"https:\/\/farm.se\/wps\/wp-json\/wp\/v2\/posts\/163","targetHints":{"allow":["GET"]}}],"collection":[{"href":"https:\/\/farm.se\/wps\/wp-json\/wp\/v2\/posts"}],"about":[{"href":"https:\/\/farm.se\/wps\/wp-json\/wp\/v2\/types\/post"}],"author":[{"embeddable":true,"href":"https:\/\/farm.se\/wps\/wp-json\/wp\/v2\/users\/2"}],"replies":[{"embeddable":true,"href":"https:\/\/farm.se\/wps\/wp-json\/wp\/v2\/comments?post=163"}],"version-history":[{"count":0,"href":"https:\/\/farm.se\/wps\/wp-json\/wp\/v2\/posts\/163\/revisions"}],"wp:attachment":[{"href":"https:\/\/farm.se\/wps\/wp-json\/wp\/v2\/media?parent=163"}],"wp:term":[{"taxonomy":"category","embeddable":true,"href":"https:\/\/farm.se\/wps\/wp-json\/wp\/v2\/categories?post=163"},{"taxonomy":"post_tag","embeddable":true,"href":"https:\/\/farm.se\/wps\/wp-json\/wp\/v2\/tags?post=163"}],"curies":[{"name":"wp","href":"https:\/\/api.w.org\/{rel}","templated":true}]}}