{"id":260,"date":"2010-09-19T16:23:56","date_gmt":"2010-09-19T15:23:56","guid":{"rendered":"http:\/\/www.farm.se\/wps2010\/09\/19\/valsondag-med-orgel-i-skon\/"},"modified":"2010-09-19T20:21:20","modified_gmt":"2010-09-19T19:21:20","slug":"valsondag-med-orgel-i-skon","status":"publish","type":"post","link":"https:\/\/farm.se\/wps\/2010\/09\/19\/valsondag-med-orgel-i-skon\/","title":{"rendered":"Vals\u00f6ndag med orgel i Sk\u00f6n"},"content":{"rendered":"<p>Tv\u00e5 konserter per termin. Vals\u00f6ndagen \u00e4r h\u00f6stens f\u00f6rsta. Bach, Goodwin, H\u00e4ndel, Hansen, Lindberg, Moraeus, Sixten och Franck. Sj\u00e4lvklart ocks\u00e5 en improvisation. Nu \u00f6ver teman fr\u00e5n ps89, ps &#8221;du vet v\u00e4l om att du \u00e4r v\u00e4rdefull&#8221;, ps 217. Avslutningen var finalen ur Guilmants sonat i.<\/p>\n","protected":false},"excerpt":{"rendered":"<p>Tv\u00e5 konserter per termin. Vals\u00f6ndagen \u00e4r h\u00f6stens f\u00f6rsta. Bach, Goodwin, H\u00e4ndel, Hansen, Lindberg, Moraeus, Sixten och Franck. Sj\u00e4lvklart ocks\u00e5 en improvisation. Nu \u00f6ver teman fr\u00e5n ps89, ps &#8221;du vet v\u00e4l om att du \u00e4r v\u00e4rdefull&#8221;, ps 217. Avslutningen var finalen &hellip; <a href=\"https:\/\/farm.se\/wps\/2010\/09\/19\/valsondag-med-orgel-i-skon\/\">Forts\u00e4tt l\u00e4sa <span class=\"meta-nav\">&rarr;<\/span><\/a><\/p>\n","protected":false},"author":2,"featured_media":0,"comment_status":"closed","ping_status":"closed","sticky":false,"template":"","format":"standard","meta":{"jetpack_post_was_ever_published":false,"_jetpack_newsletter_access":"","_jetpack_dont_email_post_to_subs":false,"_jetpack_newsletter_tier_id":0,"_jetpack_memberships_contains_paywalled_content":false,"_jetpack_memberships_contains_paid_content":false,"footnotes":"","jetpack_publicize_message":"","jetpack_publicize_feature_enabled":true,"jetpack_social_post_already_shared":false,"jetpack_social_options":{"image_generator_settings":{"template":"highway","default_image_id":0,"font":"","enabled":false},"version":2}},"categories":[4,13,5],"tags":[],"class_list":["post-260","post","type-post","status-publish","format-standard","hentry","category-musik","category-orgel","category-programverkstaden"],"jetpack_publicize_connections":[],"jetpack_featured_media_url":"","jetpack_sharing_enabled":true,"jetpack_shortlink":"https:\/\/wp.me\/p5VHPg-4c","jetpack-related-posts":[],"_links":{"self":[{"href":"https:\/\/farm.se\/wps\/wp-json\/wp\/v2\/posts\/260","targetHints":{"allow":["GET"]}}],"collection":[{"href":"https:\/\/farm.se\/wps\/wp-json\/wp\/v2\/posts"}],"about":[{"href":"https:\/\/farm.se\/wps\/wp-json\/wp\/v2\/types\/post"}],"author":[{"embeddable":true,"href":"https:\/\/farm.se\/wps\/wp-json\/wp\/v2\/users\/2"}],"replies":[{"embeddable":true,"href":"https:\/\/farm.se\/wps\/wp-json\/wp\/v2\/comments?post=260"}],"version-history":[{"count":0,"href":"https:\/\/farm.se\/wps\/wp-json\/wp\/v2\/posts\/260\/revisions"}],"wp:attachment":[{"href":"https:\/\/farm.se\/wps\/wp-json\/wp\/v2\/media?parent=260"}],"wp:term":[{"taxonomy":"category","embeddable":true,"href":"https:\/\/farm.se\/wps\/wp-json\/wp\/v2\/categories?post=260"},{"taxonomy":"post_tag","embeddable":true,"href":"https:\/\/farm.se\/wps\/wp-json\/wp\/v2\/tags?post=260"}],"curies":[{"name":"wp","href":"https:\/\/api.w.org\/{rel}","templated":true}]}}