{"id":326,"date":"2010-11-28T22:22:34","date_gmt":"2010-11-28T21:22:34","guid":{"rendered":"http:\/\/www.farm.se\/wps?p=326"},"modified":"2010-11-29T22:25:23","modified_gmt":"2010-11-29T21:25:23","slug":"liden-i-jubileum","status":"publish","type":"post","link":"https:\/\/farm.se\/wps\/2010\/11\/28\/liden-i-jubileum\/","title":{"rendered":"Liden i Jubileum"},"content":{"rendered":"<p><img data-recalc-dims=\"1\" decoding=\"async\" src=\"https:\/\/i0.wp.com\/www.farm.se\/wps\/wp-content\/mitt\/20101128_lidenjubel.jpg?w=640\" \/><\/p>\n<p>Lidens gamla kyrka fyller 500 \u00e5r och k\u00f6ren fyller 100 \u00e5r. Anne-Lise samlade Kyrkok\u00f6ren, Ton-i-Ton, kollegor och andra till inspelning n\u00e4r J\u00e4rkvissle Film &amp; Media producerade den jubileumsskiva som sl\u00e4pptes p\u00e5 1:a advent. Vi har redan ber\u00e4ttat om alla inspelningarna. Nu \u00e4r resultatet publicerat och det k\u00e4nns bra.<\/p>\n<p>Skivan s\u00e4ljs av Lidens f\u00f6rsamling och kyrkok\u00f6ren.<\/p>\n","protected":false},"excerpt":{"rendered":"<p>Lidens gamla kyrka fyller 500 \u00e5r och k\u00f6ren fyller 100 \u00e5r. Anne-Lise samlade Kyrkok\u00f6ren, Ton-i-Ton, kollegor och andra till inspelning n\u00e4r J\u00e4rkvissle Film &amp; Media producerade den jubileumsskiva som sl\u00e4pptes p\u00e5 1:a advent. Vi har redan ber\u00e4ttat om alla inspelningarna. &hellip; <a href=\"https:\/\/farm.se\/wps\/2010\/11\/28\/liden-i-jubileum\/\">Forts\u00e4tt l\u00e4sa <span class=\"meta-nav\">&rarr;<\/span><\/a><\/p>\n","protected":false},"author":2,"featured_media":0,"comment_status":"closed","ping_status":"closed","sticky":false,"template":"","format":"standard","meta":{"jetpack_post_was_ever_published":false,"_jetpack_newsletter_access":"","_jetpack_dont_email_post_to_subs":false,"_jetpack_newsletter_tier_id":0,"_jetpack_memberships_contains_paywalled_content":false,"_jetpack_memberships_contains_paid_content":false,"footnotes":"","jetpack_publicize_message":"","jetpack_publicize_feature_enabled":true,"jetpack_social_post_already_shared":false,"jetpack_social_options":{"image_generator_settings":{"template":"highway","default_image_id":0,"font":"","enabled":false},"version":2}},"categories":[4,13,5],"tags":[],"class_list":["post-326","post","type-post","status-publish","format-standard","hentry","category-musik","category-orgel","category-programverkstaden"],"jetpack_publicize_connections":[],"jetpack_featured_media_url":"","jetpack_sharing_enabled":true,"jetpack_shortlink":"https:\/\/wp.me\/p5VHPg-5g","jetpack-related-posts":[],"_links":{"self":[{"href":"https:\/\/farm.se\/wps\/wp-json\/wp\/v2\/posts\/326","targetHints":{"allow":["GET"]}}],"collection":[{"href":"https:\/\/farm.se\/wps\/wp-json\/wp\/v2\/posts"}],"about":[{"href":"https:\/\/farm.se\/wps\/wp-json\/wp\/v2\/types\/post"}],"author":[{"embeddable":true,"href":"https:\/\/farm.se\/wps\/wp-json\/wp\/v2\/users\/2"}],"replies":[{"embeddable":true,"href":"https:\/\/farm.se\/wps\/wp-json\/wp\/v2\/comments?post=326"}],"version-history":[{"count":0,"href":"https:\/\/farm.se\/wps\/wp-json\/wp\/v2\/posts\/326\/revisions"}],"wp:attachment":[{"href":"https:\/\/farm.se\/wps\/wp-json\/wp\/v2\/media?parent=326"}],"wp:term":[{"taxonomy":"category","embeddable":true,"href":"https:\/\/farm.se\/wps\/wp-json\/wp\/v2\/categories?post=326"},{"taxonomy":"post_tag","embeddable":true,"href":"https:\/\/farm.se\/wps\/wp-json\/wp\/v2\/tags?post=326"}],"curies":[{"name":"wp","href":"https:\/\/api.w.org\/{rel}","templated":true}]}}