{"id":472,"date":"2011-12-03T22:45:40","date_gmt":"2011-12-03T21:45:40","guid":{"rendered":"http:\/\/www.farm.se\/wps?p=472"},"modified":"2012-01-04T13:57:02","modified_gmt":"2012-01-04T12:57:02","slug":"juloratoriet-2","status":"publish","type":"post","link":"https:\/\/farm.se\/wps\/2011\/12\/03\/juloratoriet-2\/","title":{"rendered":"Juloratoriet &#8211; del 1-3"},"content":{"rendered":"<p>Fullsatt i GA n\u00e4r vi sj\u00f6ng juloratoriet! H\u00e4rlig st\u00e4mning! <\/p>\n<p>I morgon Domkyrkan. Nordiska kammarorkestern. Dirigent Anders Eby, Sopran Lena Moen, Countertenor Mikael Bellini, Tenor Mikael Stenbaek, Bas Bo Rosenkull, Domkyrkok\u00f6ren, Fredrik Sixten k\u00f6rledare\/instudering, Sundsvalls kyrkok\u00f6r Pernilla Backlund k\u00f6rledare\/instudering.<\/p>\n<p>uppdaterad 4 dec: Detta \u00e4r vad ST s\u00e4ger idag s\u00f6ndag: <a href=\"http:\/\/st.nu\/kultur\/litteratur\/1.4164916-julens-karaktarsfyllda-praktverk\" title=\"Recension i ST\" target=\"_blank\">Recension i ST<\/a><\/p>\n<p>S\u00f6ndag kv\u00e4ll i nyrenoverad domkyrka i H\u00e4rn\u00f6sand gick fint det med. Fullsatt igen. St\u00e5plats rentav.<\/p>\n<p><a href=\"http:\/\/allehanda.se\/mer\/kultur\/artiklar\/1.4169048-angalikt-och-maktigt-i-domkyrkan\" target=\"_blank\">Recension i Allehanda<\/a><\/p>\n","protected":false},"excerpt":{"rendered":"<p>Fullsatt i GA n\u00e4r vi sj\u00f6ng juloratoriet! H\u00e4rlig st\u00e4mning! I morgon Domkyrkan. Nordiska kammarorkestern. Dirigent Anders Eby, Sopran Lena Moen, Countertenor Mikael Bellini, Tenor Mikael Stenbaek, Bas Bo Rosenkull, Domkyrkok\u00f6ren, Fredrik Sixten k\u00f6rledare\/instudering, Sundsvalls kyrkok\u00f6r Pernilla Backlund k\u00f6rledare\/instudering. uppdaterad 4 &hellip; <a href=\"https:\/\/farm.se\/wps\/2011\/12\/03\/juloratoriet-2\/\">Forts\u00e4tt l\u00e4sa <span class=\"meta-nav\">&rarr;<\/span><\/a><\/p>\n","protected":false},"author":2,"featured_media":0,"comment_status":"closed","ping_status":"closed","sticky":false,"template":"","format":"standard","meta":{"jetpack_post_was_ever_published":false,"_jetpack_newsletter_access":"","_jetpack_dont_email_post_to_subs":false,"_jetpack_newsletter_tier_id":0,"_jetpack_memberships_contains_paywalled_content":false,"_jetpack_memberships_contains_paid_content":false,"footnotes":"","jetpack_publicize_message":"","jetpack_publicize_feature_enabled":true,"jetpack_social_post_already_shared":false,"jetpack_social_options":{"image_generator_settings":{"template":"highway","default_image_id":0,"font":"","enabled":false},"version":2}},"categories":[4],"tags":[],"class_list":["post-472","post","type-post","status-publish","format-standard","hentry","category-musik"],"jetpack_publicize_connections":[],"jetpack_featured_media_url":"","jetpack_sharing_enabled":true,"jetpack_shortlink":"https:\/\/wp.me\/p5VHPg-7C","jetpack-related-posts":[],"_links":{"self":[{"href":"https:\/\/farm.se\/wps\/wp-json\/wp\/v2\/posts\/472","targetHints":{"allow":["GET"]}}],"collection":[{"href":"https:\/\/farm.se\/wps\/wp-json\/wp\/v2\/posts"}],"about":[{"href":"https:\/\/farm.se\/wps\/wp-json\/wp\/v2\/types\/post"}],"author":[{"embeddable":true,"href":"https:\/\/farm.se\/wps\/wp-json\/wp\/v2\/users\/2"}],"replies":[{"embeddable":true,"href":"https:\/\/farm.se\/wps\/wp-json\/wp\/v2\/comments?post=472"}],"version-history":[{"count":0,"href":"https:\/\/farm.se\/wps\/wp-json\/wp\/v2\/posts\/472\/revisions"}],"wp:attachment":[{"href":"https:\/\/farm.se\/wps\/wp-json\/wp\/v2\/media?parent=472"}],"wp:term":[{"taxonomy":"category","embeddable":true,"href":"https:\/\/farm.se\/wps\/wp-json\/wp\/v2\/categories?post=472"},{"taxonomy":"post_tag","embeddable":true,"href":"https:\/\/farm.se\/wps\/wp-json\/wp\/v2\/tags?post=472"}],"curies":[{"name":"wp","href":"https:\/\/api.w.org\/{rel}","templated":true}]}}