{"id":567,"date":"2013-06-27T20:05:59","date_gmt":"2013-06-27T19:05:59","guid":{"rendered":"http:\/\/www.farm.se\/wps?p=567"},"modified":"2013-08-14T20:17:55","modified_gmt":"2013-08-14T19:17:55","slug":"567","status":"publish","type":"post","link":"https:\/\/farm.se\/wps\/2013\/06\/27\/567\/","title":{"rendered":"Folkmusik fr\u00e5n Liden"},"content":{"rendered":"<p>Traditionella Lidenl\u00e5tar med gamla och nya klanger<\/p>\n<p>Paul och Anne-Lise s\u00e4ger:-&#8221;Med denna CD vill vi lyfta fram den fantastiska l\u00e5tskatt, bevarad efter spelm\u00e4n som verkat eller bott i Liden. M\u00e5nga av l\u00e5tarna \u00e4r v\u00e4l k\u00e4nda och vissa har \u00e5teruppt\u00e4ckts efter att ha legat i gl\u00f6mska i m\u00e5nga \u00e5r.&#8221;<\/p>\n<p><a href=\"http:\/\/www.farm.se\/wps2013\/06\/27\/567\/lidenfolk-2\/\" rel=\"attachment wp-att-575\"><img data-recalc-dims=\"1\" loading=\"lazy\" decoding=\"async\" data-attachment-id=\"575\" data-permalink=\"https:\/\/farm.se\/wps\/2013\/06\/27\/567\/lidenfolk-2\/\" data-orig-file=\"https:\/\/i0.wp.com\/farm.se\/wps\/wp-content\/uploads\/2013\/06\/lidenfolk.jpg?fit=440%2C440&amp;ssl=1\" data-orig-size=\"440,440\" data-comments-opened=\"0\" data-image-meta=\"{&quot;aperture&quot;:&quot;0&quot;,&quot;credit&quot;:&quot;&quot;,&quot;camera&quot;:&quot;&quot;,&quot;caption&quot;:&quot;&quot;,&quot;created_timestamp&quot;:&quot;0&quot;,&quot;copyright&quot;:&quot;&quot;,&quot;focal_length&quot;:&quot;0&quot;,&quot;iso&quot;:&quot;0&quot;,&quot;shutter_speed&quot;:&quot;0&quot;,&quot;title&quot;:&quot;&quot;}\" data-image-title=\"lidenfolk\" data-image-description=\"\" data-image-caption=\"\" data-medium-file=\"https:\/\/i0.wp.com\/farm.se\/wps\/wp-content\/uploads\/2013\/06\/lidenfolk.jpg?fit=300%2C300&amp;ssl=1\" data-large-file=\"https:\/\/i0.wp.com\/farm.se\/wps\/wp-content\/uploads\/2013\/06\/lidenfolk.jpg?fit=440%2C440&amp;ssl=1\" class=\"alignnone size-full wp-image-575\" title=\"lidenfolk\" src=\"https:\/\/i0.wp.com\/www.farm.se\/wps\/wp-content\/uploads\/2013\/06\/lidenfolk.jpg?resize=440%2C440\" alt=\"\" width=\"440\" height=\"440\" srcset=\"https:\/\/i0.wp.com\/farm.se\/wps\/wp-content\/uploads\/2013\/06\/lidenfolk.jpg?w=440&amp;ssl=1 440w, https:\/\/i0.wp.com\/farm.se\/wps\/wp-content\/uploads\/2013\/06\/lidenfolk.jpg?resize=150%2C150&amp;ssl=1 150w, https:\/\/i0.wp.com\/farm.se\/wps\/wp-content\/uploads\/2013\/06\/lidenfolk.jpg?resize=300%2C300&amp;ssl=1 300w\" sizes=\"auto, (max-width: 440px) 100vw, 440px\" \/><\/a><\/p>\n","protected":false},"excerpt":{"rendered":"<p>Traditionella Lidenl\u00e5tar med gamla och nya klanger Paul och Anne-Lise s\u00e4ger:-&#8221;Med denna CD vill vi lyfta fram den fantastiska l\u00e5tskatt, bevarad efter spelm\u00e4n som verkat eller bott i Liden. M\u00e5nga av l\u00e5tarna \u00e4r v\u00e4l k\u00e4nda och vissa har \u00e5teruppt\u00e4ckts efter &hellip; <a href=\"https:\/\/farm.se\/wps\/2013\/06\/27\/567\/\">Forts\u00e4tt l\u00e4sa <span class=\"meta-nav\">&rarr;<\/span><\/a><\/p>\n","protected":false},"author":2,"featured_media":0,"comment_status":"closed","ping_status":"closed","sticky":false,"template":"","format":"standard","meta":{"jetpack_post_was_ever_published":false,"_jetpack_newsletter_access":"","_jetpack_dont_email_post_to_subs":false,"_jetpack_newsletter_tier_id":0,"_jetpack_memberships_contains_paywalled_content":false,"_jetpack_memberships_contains_paid_content":false,"footnotes":"","jetpack_publicize_message":"","jetpack_publicize_feature_enabled":true,"jetpack_social_post_already_shared":false,"jetpack_social_options":{"image_generator_settings":{"template":"highway","default_image_id":0,"font":"","enabled":false},"version":2}},"categories":[1],"tags":[],"class_list":["post-567","post","type-post","status-publish","format-standard","hentry","category-utan-kategori"],"jetpack_publicize_connections":[],"jetpack_featured_media_url":"","jetpack_sharing_enabled":true,"jetpack_shortlink":"https:\/\/wp.me\/s5VHPg-567","jetpack-related-posts":[],"_links":{"self":[{"href":"https:\/\/farm.se\/wps\/wp-json\/wp\/v2\/posts\/567","targetHints":{"allow":["GET"]}}],"collection":[{"href":"https:\/\/farm.se\/wps\/wp-json\/wp\/v2\/posts"}],"about":[{"href":"https:\/\/farm.se\/wps\/wp-json\/wp\/v2\/types\/post"}],"author":[{"embeddable":true,"href":"https:\/\/farm.se\/wps\/wp-json\/wp\/v2\/users\/2"}],"replies":[{"embeddable":true,"href":"https:\/\/farm.se\/wps\/wp-json\/wp\/v2\/comments?post=567"}],"version-history":[{"count":0,"href":"https:\/\/farm.se\/wps\/wp-json\/wp\/v2\/posts\/567\/revisions"}],"wp:attachment":[{"href":"https:\/\/farm.se\/wps\/wp-json\/wp\/v2\/media?parent=567"}],"wp:term":[{"taxonomy":"category","embeddable":true,"href":"https:\/\/farm.se\/wps\/wp-json\/wp\/v2\/categories?post=567"},{"taxonomy":"post_tag","embeddable":true,"href":"https:\/\/farm.se\/wps\/wp-json\/wp\/v2\/tags?post=567"}],"curies":[{"name":"wp","href":"https:\/\/api.w.org\/{rel}","templated":true}]}}